{"id":1627,"date":"2019-02-23T15:17:14","date_gmt":"2019-02-23T16:17:14","guid":{"rendered":"https:\/\/imamalimoske.dk\/fa\/?p=1627"},"modified":"2019-02-23T15:17:14","modified_gmt":"2019-02-23T16:17:14","slug":"workshop-til-aere-for-frue-fatima-al-zahra-fvmh-kun-forbeholdt-sostre","status":"publish","type":"post","link":"https:\/\/imamalimoske.dk\/fa\/1627\/workshop-til-aere-for-frue-fatima-al-zahra-fvmh-kun-forbeholdt-sostre\/","title":{"rendered":"Workshop til \u00e6re for Frue Fatima Al Zahra (fvmh) Kun forbeholdt s\u00f8stre"},"content":{"rendered":"<p style=\"text-align: left;\">Profetens Blomst<\/p>\n<p style=\"text-align: left;\">Workshop til \u00e6re for Frue Fatima Al Zahra (fvmh) Kun forbeholdt s\u00f8stre<\/p>\n<p style=\"text-align: left;\">Imam Ali Moskeen inviterer til et halvdags program i anledningen af Frue Fatima Al Zahra&#8217;s (fvmh) f\u00f8dsel. Workshoppen vil foreg\u00e5 p\u00e5 dansk, arabisk og persisk<\/p>\n<p style=\"text-align: left;\">Dato: Den 3. marts 2019 Tid: Kl. 10.00 &#8211; 16.00 M\u00f8dested: Konferencesalen<\/p>\n<p style=\"text-align: left;\">\n","protected":false},"excerpt":{"rendered":"<p>Profetens Blomst Workshop til \u00e6re for Frue Fatima Al Zahra (fvmh) Kun forbeholdt s\u00f8stre Imam Ali Moskeen inviterer til et halvdags program i anledningen af Frue Fatima Al Zahra&#8217;s (fvmh) f\u00f8dsel. Workshoppen vil foreg\u00e5 p\u00e5 dansk, arabisk og persisk Dato: Den 3. marts 2019 Tid: Kl. 10.00 &#8211; 16.00 M\u00f8dested: Konferencesalen<\/p>\n","protected":false},"author":1,"featured_media":1628,"comment_status":"open","ping_status":"closed","sticky":false,"template":"","format":"standard","meta":{"footnotes":""},"categories":[12,52],"tags":[],"class_list":["post-1627","post","type-post","status-publish","format-standard","has-post-thumbnail","hentry","category-12","category-52"],"_links":{"self":[{"href":"https:\/\/imamalimoske.dk\/fa\/wp-json\/wp\/v2\/posts\/1627","targetHints":{"allow":["GET"]}}],"collection":[{"href":"https:\/\/imamalimoske.dk\/fa\/wp-json\/wp\/v2\/posts"}],"about":[{"href":"https:\/\/imamalimoske.dk\/fa\/wp-json\/wp\/v2\/types\/post"}],"author":[{"embeddable":true,"href":"https:\/\/imamalimoske.dk\/fa\/wp-json\/wp\/v2\/users\/1"}],"replies":[{"embeddable":true,"href":"https:\/\/imamalimoske.dk\/fa\/wp-json\/wp\/v2\/comments?post=1627"}],"version-history":[{"count":4,"href":"https:\/\/imamalimoske.dk\/fa\/wp-json\/wp\/v2\/posts\/1627\/revisions"}],"predecessor-version":[{"id":1633,"href":"https:\/\/imamalimoske.dk\/fa\/wp-json\/wp\/v2\/posts\/1627\/revisions\/1633"}],"wp:featuredmedia":[{"embeddable":true,"href":"https:\/\/imamalimoske.dk\/fa\/wp-json\/wp\/v2\/media\/1628"}],"wp:attachment":[{"href":"https:\/\/imamalimoske.dk\/fa\/wp-json\/wp\/v2\/media?parent=1627"}],"wp:term":[{"taxonomy":"category","embeddable":true,"href":"https:\/\/imamalimoske.dk\/fa\/wp-json\/wp\/v2\/categories?post=1627"},{"taxonomy":"post_tag","embeddable":true,"href":"https:\/\/imamalimoske.dk\/fa\/wp-json\/wp\/v2\/tags?post=1627"}],"curies":[{"name":"wp","href":"https:\/\/api.w.org\/{rel}","templated":true}]}}